{"id":4627,"date":"2020-10-02T09:10:51","date_gmt":"2020-10-02T07:10:51","guid":{"rendered":"https:\/\/www.cantinanegrar.com\/invito-al-webinar-le-colline-terrazzate-della-valpolicella-classica-patrimonio-unico"},"modified":"2024-01-11T11:43:52","modified_gmt":"2024-01-11T10:43:52","slug":"invito-al-webinar-le-colline-terrazzate-della-valpolicella-classica-patrimonio-unico","status":"publish","type":"post","link":"https:\/\/www.cantinanegrar.com\/it\/invito-al-webinar-le-colline-terrazzate-della-valpolicella-classica-patrimonio-unico","title":{"rendered":"Invito al webinar: Le colline terrazzate della Valpolicella Classica patrimonio unico"},"content":{"rendered":"<p><strong>Appuntamento Luned\u00ec 12 ottobre alle ore 18.00 in modalit\u00e0 Webinar<\/strong><\/p>\n<p><strong>Cantina Valpolicella Negrar, il Dipartimento di Economia aziendale dell\u2019Universit\u00e0 di Verona, i Comuni di Negrar di Valpolicella, Marano di Valpolicella, Fumane e Sant\u2019Ambrogio di Valpolicella<\/strong>, daranno vita al Convegno via Web\u00a0<strong>\u201cLE COLLINE TERRAZZATE DELLA VALPOLICELLA CLASSICA\u201d<\/strong>\u00a0&#8211;\u00a0<strong>La valorizzazione di un patrimonio unico attraverso la conservazione del Paesaggio Rurale Storico<\/strong>. L\u2019iniziativa \u00e8 finanziata dal\u00a0<strong><a href=\"https:\/\/www.baldolessinia.it\/\" target=\"_blank\" rel=\"noopener noreferrer\">Programma di Sviluppo Rurale per il Veneto 2014-2020 \u2013 GAL BALDO Lessinia<\/a>\u00a0<\/strong>e patrocinata dalla\u00a0<a href=\"https:\/\/www.reterurale.it\/flex\/cm\/pages\/ServeBLOB.php\/L\/IT\/IDPagina\/14387\" target=\"_blank\" rel=\"noopener noreferrer\"><strong>Regione Veneto<\/strong><\/a>. Aderiscono il comune di San Pietro in Cariano, l\u2019Ordine degli Architetti PPC e Ordine provinciale Dottori Agronomi e Forestali di Verona.<\/p>\n<p>ECCO IL PROGRAMMA: <a href=\"https:\/\/www.cantinanegrar.it\/wp-content\/uploads\/2020\/10\/WIN-Pieghevole-A5-Convegno-le-colline..._ZOOM_WEB.pdf\" target=\"_blank\" rel=\"noopener\">WIN-Pieghevole A5 \u201cConvegno le colline&#8230;\u201d_ZOOM_WEB<\/a><\/p>\n<p>Lo scopo del convegno sar\u00e0 presentare i risultati dello studio propedeutico alla candidatura delle colline terrazzate della Valpolicella al \u201cRegistro Nazionale dei Paesaggi Rurali Storici, delle Pratiche Agricole e delle Conoscenze Tradizionali\u201d. Lo studio permetter\u00e0 di ottenere una fotografia del territorio agricolo attuale, evidenziando quanto rimane dei caratteri storici e delle pratiche agricole storiche oltre a sensibilizzare gli imprenditori agricoli verso il valore e la conservazione del paesaggio rurale storico.<\/p>\n<p>A livello comunitario si \u00e8 presa coscienza di quanto sia opportuno connettere la conformazione del paesaggio con le attivit\u00e0 produttive agricole e di quanto questa connessione porti a considerare le nostre campagne non pi\u00f9 solo come un settore produttivo, ma come un ambito molto pi\u00f9 complesso di funzioni e valori. Lo studio, avendo un carattere multidisciplinare, ha permesso di analizzare il territorio della Valpolicella Classica e il suo paesaggio sotto diversi punti di vista: agronomico, estetico, economico. Ha permesso inoltre di valutare il grado di integrit\u00e0 che lo caratterizza e le sue vulnerabilit\u00e0. Nella sua fase conclusiva, questo studio consentir\u00e0 di produrre un dossier per la candidatura del paesaggio delle colline terrazzate della Valpolicella Classica al registro nazionale dei paesaggi rurali storici, delle pratiche agricole e delle conoscenze tradizionali\u201d.<\/p>\n<p><strong>Programma:<\/strong><\/p>\n<p>Saluti istituzionali e del <strong>Presidente di Cantina Valpolicella Negrar &#8211; Renzo Bighignol<\/strong>i.<\/p>\n<ul>\n<li><strong>Mauro Agnoletti<\/strong> &#8211; professore associato, dipartimento Scienze e Tecnologie Agrarie, Alimentari, Ambientali e Forestali, Universit\u00e0 di Firenze su \u201c<strong>Il registro Nazionale dei Paesaggi Rurali Storici\u201d<\/strong><\/li>\n<li><strong>Viviana Ferrario<\/strong>\u00a0&#8211; geografa, professore associato, Universit\u00e0 Iuav di Venezia Andrea Turato &#8211; architetto, Patchworkstudio, Padova su\u00a0<strong>\u201cRiflessioni sull\u2019integrit\u00e0 del paesaggio rurale storico\u201d<\/strong><\/li>\n<li><strong>Roberta Capitello\u00a0<\/strong>&#8211; professore associato, Dipartimento di Economia Aziendale, Universit\u00e0 degli Studi di Verona su\u00a0<strong>\u201cElementi caratteristici di un paesaggio vitivinicolo e percezioni dell\u2019enoturista\u201d<\/strong><\/li>\n<li><strong>Diego Tomasi<\/strong>\u00a0&#8211; I\u00b0 ricercatore presso il Centro di Ricerca per la Viticoltura e l\u2019Enologia di Conegliano (CREA-VE) su \u201c<strong>Storia ed evoluzione del vigneto in Valpolicella Classica\u201d\u00a0<\/strong><\/li>\n<li><strong>Aldo Lorenzoni\u00a0<\/strong>&#8211; direttore del Consorzio Tutela Vini Soave su\u00a0<strong>\u201cL\u2019esperienza del Soave\u201d<\/strong><\/li>\n<\/ul>\n<p>&nbsp;<\/p>\n<p><strong>Il \u201cRegistro Nazionale dei Paesaggi Rurali Storici, delle Pratiche Agricole e delle conoscenze tradizionali\u201d<\/strong>\u00a0\u00e8 stato istituito dal Ministero delle politiche agricole con l\u2019obiettivo di salvaguardare e valorizzare i paesaggi rurali storici, le pratiche agricole e le conoscenze tradizionali, contribuendo al loro sviluppo attraverso attivit\u00e0 promozionali e associando i prodotti agricoli al paesaggio da cui provengono tramite un marchio di qualit\u00e0, creando in questo modo nuove sinergie per la promozione del turismo rurale oltre che delle produzioni agroalimentari tipiche di un\u2019area.<\/p>\n<p>&nbsp;<\/p>\n<p><strong>Il convegno sar\u00e0 moderato da Fabio Piccoli, Direttore Responsabile di Wine Meridian.<\/strong><\/p>\n<p><strong>L\u2019evento \u00e8 gratuito, sar\u00e0 possibile partecipare attraverso questo link:\u00a0<\/strong><a href=\"https:\/\/zoom.us\/j\/93438983429?pwd=VVdMaFMzSGJDTGovYlkzVjc1Yk5Tdz09\" target=\"_blank\" rel=\"noopener\">https:\/\/zoom.us\/j\/93438983429?pwd=VVdMaFMzSGJDTGovYlkzVjc1Yk5Tdz09<\/a><\/p>\n<p>Clicca qui per vedere la locandina: <a href=\"https:\/\/www.dominiveneti.it\/wp-content\/uploads\/2020\/10\/WIN-Convegno-Le-Colline..._Locandina-A3_ZOOM_WEB-1.pdf\" target=\"_blank\" rel=\"noopener\">WIN-Convegno \u201cLe Colline&#8230;\u201c_Locandina A3_ZOOM_WEB (1)<\/a><\/p>\n<p>Info e iscrizioni:<\/p>\n<p>eventi@dominiveneti.it<\/p>\n<p>segreteria@winemeridian.com<\/p>\n<p>345.8663048<\/p>\n","protected":false},"excerpt":{"rendered":"<p>Appuntamento Luned\u00ec 12 ottobre alle ore 18.00 in modalit\u00e0 Webinar: LE COLLINE TERRAZZATE DELLA VALPOLICELLA CLASSICA PATRIMONIO UNICO. Cantina Valpolicella Negrar, il Dipartimento di Economia aziendale dell\u2019Universit\u00e0 di Verona, i Comuni di Negrar di Valpolicella, Marano di Valpolicella, Fumane e Sant\u2019Ambrogio di Valpolicella daranno vita a un convegno via Web\u00a0sulle nuove strategie di conservazione e valorizzazione del Paesaggio Rurale Storico in Valpolicella Classica . L\u2019iniziativa \u00e8 finanziata dal\u00a0Programma di Sviluppo Rurale per il Veneto 2014-2020 \u2013 GAL BALDO Lessinia\u00a0e patrocinata dalla\u00a0Regione Veneto.<\/p>\n","protected":false},"author":2,"featured_media":3552,"comment_status":"open","ping_status":"open","sticky":false,"template":"","format":"standard","meta":{"_acf_changed":false,"footnotes":""},"categories":[23],"tags":[],"class_list":["post-4627","post","type-post","status-publish","format-standard","has-post-thumbnail","hentry","category-eventi-fiere"],"acf":[],"_links":{"self":[{"href":"https:\/\/www.cantinanegrar.com\/it\/wp-json\/wp\/v2\/posts\/4627","targetHints":{"allow":["GET"]}}],"collection":[{"href":"https:\/\/www.cantinanegrar.com\/it\/wp-json\/wp\/v2\/posts"}],"about":[{"href":"https:\/\/www.cantinanegrar.com\/it\/wp-json\/wp\/v2\/types\/post"}],"author":[{"embeddable":true,"href":"https:\/\/www.cantinanegrar.com\/it\/wp-json\/wp\/v2\/users\/2"}],"replies":[{"embeddable":true,"href":"https:\/\/www.cantinanegrar.com\/it\/wp-json\/wp\/v2\/comments?post=4627"}],"version-history":[{"count":1,"href":"https:\/\/www.cantinanegrar.com\/it\/wp-json\/wp\/v2\/posts\/4627\/revisions"}],"predecessor-version":[{"id":4905,"href":"https:\/\/www.cantinanegrar.com\/it\/wp-json\/wp\/v2\/posts\/4627\/revisions\/4905"}],"wp:featuredmedia":[{"embeddable":true,"href":"https:\/\/www.cantinanegrar.com\/it\/wp-json\/wp\/v2\/media\/3552"}],"wp:attachment":[{"href":"https:\/\/www.cantinanegrar.com\/it\/wp-json\/wp\/v2\/media?parent=4627"}],"wp:term":[{"taxonomy":"category","embeddable":true,"href":"https:\/\/www.cantinanegrar.com\/it\/wp-json\/wp\/v2\/categories?post=4627"},{"taxonomy":"post_tag","embeddable":true,"href":"https:\/\/www.cantinanegrar.com\/it\/wp-json\/wp\/v2\/tags?post=4627"}],"curies":[{"name":"wp","href":"https:\/\/api.w.org\/{rel}","templated":true}]}}