{"id":4735,"date":"2023-06-06T10:10:53","date_gmt":"2023-06-06T08:10:53","guid":{"rendered":"https:\/\/www.cantinanegrar.com\/premio-vivi-la-valpolicella-intitolato-alla-memoria-di-marco-accordini-figlio-di-daniele-accordini-dg-ed-enologo-di-cantina-valpolicella-negrar"},"modified":"2024-01-11T11:45:03","modified_gmt":"2024-01-11T10:45:03","slug":"premio-vivi-la-valpolicella-intitolato-alla-memoria-di-marco-accordini-figlio-di-daniele-accordini-dg-ed-enologo-di-cantina-valpolicella-negrar","status":"publish","type":"post","link":"https:\/\/www.cantinanegrar.com\/it\/premio-vivi-la-valpolicella-intitolato-alla-memoria-di-marco-accordini-figlio-di-daniele-accordini-dg-ed-enologo-di-cantina-valpolicella-negrar","title":{"rendered":"Premio \u201cVivi la Valpolicella\u201d intitolato alla memoria di Marco Accordini, figlio di Daniele Accordini, dg ed enologo di Cantina Valpolicella Negrar"},"content":{"rendered":"<p>\u201c<em>Era doveroso dedicare questo importante riconoscimento territoriale al ricordo di un giovane valpolicellese che ha applicato la sua formazione universitaria nel suo territorio d\u2019origine, la Valpolicella, per promuoverla e valorizzarla, come tanti imprenditori hanno fatto nella storia e stanno ora facendo. La sua prematura scomparsa nel 2022 a 26 anni ha interrotto il suo operato, ma con questo intitolazione vogliamo ricordare Marco Accordini ancora tra noi<\/em>\u201d. Con queste sentite parole gli <strong>organizzatori del Premio \u201cVivi la Valpolicella\u201d<\/strong> &#8211;<strong> l&#8217;associazione omonima, in collaborazione con la presidenza di Cantina Valpolicella Negrar e Valpolicella Benaco Banca<\/strong> -, annunciano la decisione condivisa di <strong>dedicare alla memoria del figlio di Daniele Accordini, dg ed enologo di Cantina Valpolicella Negrar, il Premio che d\u00e0 il merito alla ricerca<\/strong> <strong>scientifica<\/strong> di poter pensare e realizzare un\u2019idea di futuro basata su nuove conoscenze e competenze.<\/p>\n<p>Dopo una pausa forzata causa pandemia, <strong>gioved\u00ec 8 giugno, a partire dalle ore 17.30, nella sala convegni della cantina a Negrar di Valpolicella<\/strong> (via Ca&#8217; Salgari 2), si svolger\u00e0 la<strong> XXI edizione della manifestazione, aperta al pubblico, con la premiazione delle migliore tesi di laurea nazionali<\/strong>.<\/p>\n<p>L&#8217;evento si aprir\u00e0 con il tradizionale convegno dedicato a \u201c<strong>Il valore della ricerca per una nuova visione dellaValpolicella<\/strong>\u201d, moderato quest&#8217;anno da <strong>Enzo Gambin<\/strong>, direttore Aipo (Associazione interregionale Produttori Olivicoli), accolti dai saluti di benvenuto di <strong>Renzo Bighignoli<\/strong>, presidente di Cantina Valpolicella Negrar, <strong>Gianfranco Damoli<\/strong>, presidente dell&#8217;associazione \u201cVivi la Valpolicella\u201d, <strong>Matteo Piancastelli<\/strong> di Valpolicella Benaco Banca, <strong>Marco Andreoli<\/strong> della Regione Veneto e <strong>Roberto Grison,<\/strong> sindaco di Negrar di Valpolicella. Alle 18.00 \u00e8 previsto l&#8217;intervento di <strong>Matteo Tedeschi<\/strong>, direttore del Consorzio Tutela Vini Valpolicella, che aggiorner\u00e0 sullo <strong>stato dell&#8217;arte della candidatura Unesco<\/strong> della tecnica dell&#8217;appassimento, a cui far\u00e0 seguito, alle 18.10, la relazione di <strong>Patrizia Basso<\/strong> dell&#8217;Universit\u00e0 degli Studi di Verona \u201c<em><strong>Il vino dal vigneto alla mensa<\/strong><\/em>\u201d con i dati del progetto Food and Wine in ancient Verona (FaW); alle 18.40<strong> don Antonio Scattolini<\/strong>, delegato vescovile Pastorale dell\u2019Arte, parler\u00e0 di \u201c<em><strong>Cibo e vino nella Bibbia e nell\u2019arte<\/strong><\/em>\u201d.<\/p>\n<p>Alle 19, coordinata da <strong>Silvano Zampini<\/strong>, vicepresidente associazione \u201cVivi La Valpolicella\u201d, si svolger\u00e0 la <strong>premiazione delle migliori tesi di laurea nazionali vincitrici del \u201cXXI Premio Vivi la Valpolicella in onore di Marco Accordini\u201d<\/strong>. In <strong>ambito economia e marketing<\/strong>, saranno premiate le tesi \u201c<em><strong>Made in Italy and country of origin effect<\/strong><\/em>\u201c (A.A. 2019\/2020) di <strong>Amanda Cordioli<\/strong>, corso di laurea in Lingue per l\u2019intermediazione turistica e d\u2019impresa Dipartimento di Lettere e Filosofia Universit\u00e0 degli Studi di Trento, relatore Federica Buffa, correlatore Sabrina Francesconi e la tesi \u201d<strong><em>Esperienza tra branding vitivinicolo e marketing territoriale: il caso Dom\u00ecni Veneti<\/em><\/strong>\u201d (A.A. 2018\/2019) di <strong>Carlo Alberto Vantini<\/strong>, corso di laurea magistrale in Marketing e Comunicazione d\u2019Impresa Scuola di Economia e Management Universit\u00e0 degli Studi di Verona, relatore Federico Brunetti; in <strong>ambito viticoltura<\/strong>, la tesi \u201c<em><strong>Influence of copper pollution on soil microbial diversity in a vineyard<\/strong><\/em>\u201d (A.A.2018\/2019) di <strong>Marco Signorini<\/strong>, corso di laurea magistrale Interateneo in Viticoltura, Enologia e Mercati Vitivinicoli Dipartimento di Scienze Agroalimentari Ambientali ed Animali Universit\u00e0 degli Studi di Padova Udine Verona e Libera Universit\u00e0 di Bolzano, relatore Pii Youry, correlatore Stefano Cesco; in <strong>ambito paesaggio<\/strong>, la tesi \u201c<em><strong>Impiego di droni per la gestione dei vigneti terrazzati in Valpolicella<\/strong><\/em>\u201d (A.A. 2017\/2018) di <strong>Edoardo Quarella<\/strong>, corso di laurea magistrale in Scienze e Tecnologie Agrarie Dipartimento Territorio e Sistemi Agro Forestali Universit\u00e0 degli Studi di Padova, relatore Paolo Tarolli, correlatore Pijl Anton. Al termine, seguir\u00e0 una <strong>degustazione di vini Dom\u00ecni Veneti.<\/strong> L\u2019evento partecipa al programma di formazione permanente per i<strong> Dottori Agronomi e Dottori Forestali e d\u00e0 diritto alla maturazione di crediti.<\/strong><\/p>\n","protected":false},"excerpt":{"rendered":"<p>\u201cEra doveroso dedicare questo importante riconoscimento territoriale al ricordo di un giovane valpolicellese che ha applicato la sua formazione universitaria nel suo territorio d\u2019origine, la Valpolicella, per promuoverla e valorizzarla, come tanti imprenditori hanno fatto nella storia e stanno ora facendo. La sua prematura scomparsa nel 2022 a 26 anni ha interrotto il suo operato, [&hellip;]<\/p>\n","protected":false},"author":2,"featured_media":3991,"comment_status":"open","ping_status":"open","sticky":false,"template":"","format":"standard","meta":{"_acf_changed":false,"footnotes":""},"categories":[24],"tags":[],"class_list":["post-4735","post","type-post","status-publish","format-standard","has-post-thumbnail","hentry","category-info-comunicazioni"],"acf":[],"_links":{"self":[{"href":"https:\/\/www.cantinanegrar.com\/it\/wp-json\/wp\/v2\/posts\/4735","targetHints":{"allow":["GET"]}}],"collection":[{"href":"https:\/\/www.cantinanegrar.com\/it\/wp-json\/wp\/v2\/posts"}],"about":[{"href":"https:\/\/www.cantinanegrar.com\/it\/wp-json\/wp\/v2\/types\/post"}],"author":[{"embeddable":true,"href":"https:\/\/www.cantinanegrar.com\/it\/wp-json\/wp\/v2\/users\/2"}],"replies":[{"embeddable":true,"href":"https:\/\/www.cantinanegrar.com\/it\/wp-json\/wp\/v2\/comments?post=4735"}],"version-history":[{"count":1,"href":"https:\/\/www.cantinanegrar.com\/it\/wp-json\/wp\/v2\/posts\/4735\/revisions"}],"predecessor-version":[{"id":5002,"href":"https:\/\/www.cantinanegrar.com\/it\/wp-json\/wp\/v2\/posts\/4735\/revisions\/5002"}],"wp:featuredmedia":[{"embeddable":true,"href":"https:\/\/www.cantinanegrar.com\/it\/wp-json\/wp\/v2\/media\/3991"}],"wp:attachment":[{"href":"https:\/\/www.cantinanegrar.com\/it\/wp-json\/wp\/v2\/media?parent=4735"}],"wp:term":[{"taxonomy":"category","embeddable":true,"href":"https:\/\/www.cantinanegrar.com\/it\/wp-json\/wp\/v2\/categories?post=4735"},{"taxonomy":"post_tag","embeddable":true,"href":"https:\/\/www.cantinanegrar.com\/it\/wp-json\/wp\/v2\/tags?post=4735"}],"curies":[{"name":"wp","href":"https:\/\/api.w.org\/{rel}","templated":true}]}}