{"id":8155,"date":"2026-04-28T16:08:13","date_gmt":"2026-04-28T14:08:13","guid":{"rendered":"https:\/\/www.cantinanegrar.com\/?p=8155"},"modified":"2026-04-28T16:38:37","modified_gmt":"2026-04-28T14:38:37","slug":"bollettino-fitosanitario-vite-28-aprile-2026","status":"publish","type":"post","link":"https:\/\/www.cantinanegrar.com\/it\/bollettino-fitosanitario-vite-28-aprile-2026","title":{"rendered":"BOLLETTINO FITOSANITARIO VITE: 28 APRILE 2026"},"content":{"rendered":"\t\t<div data-elementor-type=\"wp-post\" data-elementor-id=\"8155\" class=\"elementor elementor-8155\" data-elementor-post-type=\"post\">\n\t\t\t\t<div class=\"elementor-element elementor-element-4c430f7e e-con-full e-flex e-con e-parent\" data-id=\"4c430f7e\" data-element_type=\"container\">\n\t\t\t\t<div class=\"elementor-element elementor-element-c71a2dd elementor-widget-divider--separator-type-pattern elementor-widget-divider--view-line elementor-widget elementor-widget-divider\" data-id=\"c71a2dd\" data-element_type=\"widget\" data-widget_type=\"divider.default\">\n\t\t\t\t<div class=\"elementor-widget-container\">\n\t\t\t\t\t<div class=\"elementor-divider\" style=\"--divider-pattern-url: url(&quot;data:image\/svg+xml,%3Csvg xmlns=&#039;http:\/\/www.w3.org\/2000\/svg&#039; preserveAspectRatio=&#039;none&#039; overflow=&#039;visible&#039; height=&#039;100%&#039; viewBox=&#039;0 0 24 24&#039; fill=&#039;black&#039; stroke=&#039;none&#039;%3E%3Cpath d=&#039;M12.7,2.3c-0.4-0.4-1.1-0.4-1.5,0l-8,9.1c-0.3,0.4-0.3,0.9,0,1.2l8,9.1c0.4,0.4,1.1,0.4,1.5,0l8-9.1c0.3-0.4,0.3-0.9,0-1.2L12.7,2.3z&#039;\/%3E%3C\/svg%3E&quot;);\">\n\t\t\t<span class=\"elementor-divider-separator\">\n\t\t\t\t\t\t<\/span>\n\t\t<\/div>\n\t\t\t\t<\/div>\n\t\t\t\t<\/div>\n\t\t\t\t<div class=\"elementor-element elementor-element-4b90ceb elementor-widget elementor-widget-heading\" data-id=\"4b90ceb\" data-element_type=\"widget\" data-widget_type=\"heading.default\">\n\t\t\t\t<div class=\"elementor-widget-container\">\n\t\t\t<h2 class=\"elementor-heading-title elementor-size-default\">Andamento Meteo<\/h2>\t\t<\/div>\n\t\t\t\t<\/div>\n\t\t\t\t<div class=\"elementor-element elementor-element-69f86a1 elementor-widget elementor-widget-text-editor\" data-id=\"69f86a1\" data-element_type=\"widget\" data-widget_type=\"text-editor.default\">\n\t\t\t\t<div class=\"elementor-widget-container\">\n\t\t\t\t\t\t\t<p><span style=\"font-size: 18pt; line-height: 115%; font-family: 'Gill Sans MT', sans-serif;\">Inizio settimana all&#8217;insegna di tempo\u00a0stabile, con possibilit\u00e0 di precipitazioni locali di modesta entit\u00e0 previste\u00a0tra le giornate di mercoled\u00ec e gioved\u00ec; seguir\u00e0 un fine settimana con cielo sereno.<br \/><\/span><\/p>\t\t\t\t\t\t<\/div>\n\t\t\t\t<\/div>\n\t\t\t\t<div class=\"elementor-element elementor-element-57b5b23 elementor-widget elementor-widget-image\" data-id=\"57b5b23\" data-element_type=\"widget\" data-widget_type=\"image.default\">\n\t\t\t\t<div class=\"elementor-widget-container\">\n\t\t\t\t\t\t\t\t\t\t<figure class=\"wp-caption\">\n\t\t\t\t\t\t\t\t\t\t<img fetchpriority=\"high\" decoding=\"async\" width=\"1168\" height=\"175\" src=\"https:\/\/www.cantinanegrar.com\/wp-content\/uploads\/28-aprile.jpg\" class=\"attachment-large size-large wp-image-8159\" alt=\"-\" srcset=\"https:\/\/www.cantinanegrar.com\/wp-content\/uploads\/28-aprile.jpg 1168w, https:\/\/www.cantinanegrar.com\/wp-content\/uploads\/28-aprile-768x115.jpg 768w\" sizes=\"(max-width: 1168px) 100vw, 1168px\" title=\"-\">\t\t\t\t\t\t\t\t\t\t\t<figcaption class=\"widget-image-caption wp-caption-text\">(Legenda: Giornata, Piovosit\u00e0 (mm), Umidit\u00e0 min\/max, Temperatura min\/max)<\/figcaption>\n\t\t\t\t\t\t\t\t\t\t<\/figure>\n\t\t\t\t\t\t\t<\/div>\n\t\t\t\t<\/div>\n\t\t\t\t<\/div>\n\t\t<div class=\"elementor-element elementor-element-bab6e9f e-con-full e-flex e-con e-parent\" data-id=\"bab6e9f\" data-element_type=\"container\">\n\t\t\t\t<div class=\"elementor-element elementor-element-adced47 elementor-widget-divider--separator-type-pattern elementor-widget-divider--view-line elementor-widget elementor-widget-divider\" data-id=\"adced47\" data-element_type=\"widget\" data-widget_type=\"divider.default\">\n\t\t\t\t<div class=\"elementor-widget-container\">\n\t\t\t\t\t<div class=\"elementor-divider\" style=\"--divider-pattern-url: url(&quot;data:image\/svg+xml,%3Csvg xmlns=&#039;http:\/\/www.w3.org\/2000\/svg&#039; preserveAspectRatio=&#039;none&#039; overflow=&#039;visible&#039; height=&#039;100%&#039; viewBox=&#039;0 0 24 24&#039; fill=&#039;black&#039; stroke=&#039;none&#039;%3E%3Cpath d=&#039;M12.7,2.3c-0.4-0.4-1.1-0.4-1.5,0l-8,9.1c-0.3,0.4-0.3,0.9,0,1.2l8,9.1c0.4,0.4,1.1,0.4,1.5,0l8-9.1c0.3-0.4,0.3-0.9,0-1.2L12.7,2.3z&#039;\/%3E%3C\/svg%3E&quot;);\">\n\t\t\t<span class=\"elementor-divider-separator\">\n\t\t\t\t\t\t<\/span>\n\t\t<\/div>\n\t\t\t\t<\/div>\n\t\t\t\t<\/div>\n\t\t\t\t<div class=\"elementor-element elementor-element-90631b7 elementor-widget elementor-widget-heading\" data-id=\"90631b7\" data-element_type=\"widget\" data-widget_type=\"heading.default\">\n\t\t\t\t<div class=\"elementor-widget-container\">\n\t\t\t<h2 class=\"elementor-heading-title elementor-size-default\">Fase Fenologica<\/h2>\t\t<\/div>\n\t\t\t\t<\/div>\n\t\t\t\t<div class=\"elementor-element elementor-element-1c36eae elementor-widget elementor-widget-text-editor\" data-id=\"1c36eae\" data-element_type=\"widget\" data-widget_type=\"text-editor.default\">\n\t\t\t\t<div class=\"elementor-widget-container\">\n\t\t\t\t\t\t\t<p><span style=\"font-size: 18pt; line-height: 115%; font-family: 'Gill Sans MT', sans-serif;\">Si conferma il forte sviluppo vegetativo e anticipo delle fasi fenologiche;\u00a0nelle aree pi\u00f9 precoci \u00e8 stata raggiunto lo stadio\u00a0&#8220;BBCH18\u00a0&#8211; 8\u00a0foglie distese&#8221; e &#8220;BBCH57\u00a0&#8211; bottoni fiorali separati&#8221;\u00a0, mentre in quelle pi\u00f9 tardive stiamo raggiungendo la fase\u00a0 &#8220;BBCH14\u00a0&#8211; 4\u00a0foglie in distensione&#8221;. La fase media \u00e8 rappresentata da &#8220;BBCH15 &#8211; 6\u00a0foglie distese&#8221; e &#8220;BBCH55\u00a0&#8211; fiori raggruppati tra loro&#8221;.<br \/><\/span><\/p>\t\t\t\t\t\t<\/div>\n\t\t\t\t<\/div>\n\t\t\t\t<div class=\"elementor-element elementor-element-215e8eb elementor-widget elementor-widget-image\" data-id=\"215e8eb\" data-element_type=\"widget\" data-widget_type=\"image.default\">\n\t\t\t\t<div class=\"elementor-widget-container\">\n\t\t\t\t\t\t\t\t\t\t<figure class=\"wp-caption\">\n\t\t\t\t\t\t\t\t\t\t<img decoding=\"async\" width=\"2560\" height=\"1707\" src=\"https:\/\/www.cantinanegrar.com\/wp-content\/uploads\/DSCF9489-scaled.jpg\" class=\"attachment-large size-large wp-image-8161\" alt=\"-\" srcset=\"https:\/\/www.cantinanegrar.com\/wp-content\/uploads\/DSCF9489-scaled.jpg 2560w, https:\/\/www.cantinanegrar.com\/wp-content\/uploads\/DSCF9489-768x512.jpg 768w, https:\/\/www.cantinanegrar.com\/wp-content\/uploads\/DSCF9489-1536x1024.jpg 1536w, https:\/\/www.cantinanegrar.com\/wp-content\/uploads\/DSCF9489-2048x1365.jpg 2048w\" sizes=\"(max-width: 2560px) 100vw, 2560px\" title=\"-\">\t\t\t\t\t\t\t\t\t\t\t<figcaption class=\"widget-image-caption wp-caption-text\">(BBCH - 57: bottoni fiorali separati)<\/figcaption>\n\t\t\t\t\t\t\t\t\t\t<\/figure>\n\t\t\t\t\t\t\t<\/div>\n\t\t\t\t<\/div>\n\t\t\t\t<\/div>\n\t\t<div class=\"elementor-element elementor-element-7e50c0d e-con-full e-flex e-con e-parent\" data-id=\"7e50c0d\" data-element_type=\"container\">\n\t\t\t\t<div class=\"elementor-element elementor-element-432a59f elementor-widget-divider--separator-type-pattern elementor-widget-divider--view-line elementor-widget elementor-widget-divider\" data-id=\"432a59f\" data-element_type=\"widget\" data-widget_type=\"divider.default\">\n\t\t\t\t<div class=\"elementor-widget-container\">\n\t\t\t\t\t<div class=\"elementor-divider\" style=\"--divider-pattern-url: url(&quot;data:image\/svg+xml,%3Csvg xmlns=&#039;http:\/\/www.w3.org\/2000\/svg&#039; preserveAspectRatio=&#039;none&#039; overflow=&#039;visible&#039; height=&#039;100%&#039; viewBox=&#039;0 0 24 24&#039; fill=&#039;black&#039; stroke=&#039;none&#039;%3E%3Cpath d=&#039;M12.7,2.3c-0.4-0.4-1.1-0.4-1.5,0l-8,9.1c-0.3,0.4-0.3,0.9,0,1.2l8,9.1c0.4,0.4,1.1,0.4,1.5,0l8-9.1c0.3-0.4,0.3-0.9,0-1.2L12.7,2.3z&#039;\/%3E%3C\/svg%3E&quot;);\">\n\t\t\t<span class=\"elementor-divider-separator\">\n\t\t\t\t\t\t<\/span>\n\t\t<\/div>\n\t\t\t\t<\/div>\n\t\t\t\t<\/div>\n\t\t\t\t<div class=\"elementor-element elementor-element-2fda527 elementor-widget elementor-widget-heading\" data-id=\"2fda527\" data-element_type=\"widget\" data-widget_type=\"heading.default\">\n\t\t\t\t<div class=\"elementor-widget-container\">\n\t\t\t<h2 class=\"elementor-heading-title elementor-size-default\">Difesa Fitosanitaria: Patogeni<\/h2>\t\t<\/div>\n\t\t\t\t<\/div>\n\t\t\t\t<div class=\"elementor-element elementor-element-eb35a7c elementor-widget elementor-widget-heading\" data-id=\"eb35a7c\" data-element_type=\"widget\" data-widget_type=\"heading.default\">\n\t\t\t\t<div class=\"elementor-widget-container\">\n\t\t\t<h2 class=\"elementor-heading-title elementor-size-default\">- Peronospora della Vite<br>(<i>Plasmopara viticola<\/i>)<\/h2>\t\t<\/div>\n\t\t\t\t<\/div>\n\t\t\t\t<div class=\"elementor-element elementor-element-b6c496a elementor-widget elementor-widget-text-editor\" data-id=\"b6c496a\" data-element_type=\"widget\" data-widget_type=\"text-editor.default\">\n\t\t\t\t<div class=\"elementor-widget-container\">\n\t\t\t\t\t\t\t<p><span style=\"font-size: 18pt; line-height: 115%; font-family: 'Gill Sans MT', sans-serif;\">Le\u00a0oospore sono germinate e in grado di generare un&#8217;infezione primaria in caso di pioggia battente. Le prossime\u00a0 precipitazioni previste a met\u00e0 settimana non sembrano avere queste caratteristiche, comunque si raccomanda di\u00a0verificare l&#8217;andamento meteo e di ripristinare la copertura prima delle stesse,\u00a0impiegando\u00a0un prodotto a base di Rame (200 grammi di principio attivo per ettaro) oppure Ditianon o Folpet alla dose minima di etichetta.\u00a0Nei vigneti a storico rischio infettivo e\u00a0dove lo sviluppo vegetativo supera i 10\/15 cm la difesa si pu\u00f2 integrare con\u00a0Fosfonati o Fosetyl Al a dose di etichetta. Considerate\u00a0le limitazioni d&#8217;uso\u00a0dei prodotti e i costi energetici di gestione, \u00e8 importante prestare la massima attenzione al posizionamento dei trattamenti e ai dosaggi, per evitare sprechi e derive. Ogni Socio dovr\u00e0 verificare l&#8217;ubicazione e lo stato vegetativo del proprio vigneto, seguire l&#8217;andamento meteo e intervenire con tempestivit\u00e0 e precisione.<\/span><\/p>\t\t\t\t\t\t<\/div>\n\t\t\t\t<\/div>\n\t\t\t\t<div class=\"elementor-element elementor-element-2e93e64 elementor-widget elementor-widget-image\" data-id=\"2e93e64\" data-element_type=\"widget\" data-widget_type=\"image.default\">\n\t\t\t\t<div class=\"elementor-widget-container\">\n\t\t\t\t\t\t\t\t\t\t<figure class=\"wp-caption\">\n\t\t\t\t\t\t\t\t\t\t<img decoding=\"async\" width=\"1327\" height=\"316\" src=\"https:\/\/www.cantinanegrar.com\/wp-content\/uploads\/inoculo-peronospo.jpg\" class=\"attachment-large size-large wp-image-8163\" alt=\"-\" srcset=\"https:\/\/www.cantinanegrar.com\/wp-content\/uploads\/inoculo-peronospo.jpg 1327w, https:\/\/www.cantinanegrar.com\/wp-content\/uploads\/inoculo-peronospo-768x183.jpg 768w\" sizes=\"(max-width: 1327px) 100vw, 1327px\" title=\"-\">\t\t\t\t\t\t\t\t\t\t\t<figcaption class=\"widget-image-caption wp-caption-text\">(La pioggia di domani porter\u00e0 a un incremento di germinazione delle oospore. Nonostante ci\u00f2 la pressione rimane medio-bassa)<\/figcaption>\n\t\t\t\t\t\t\t\t\t\t<\/figure>\n\t\t\t\t\t\t\t<\/div>\n\t\t\t\t<\/div>\n\t\t\t\t<div class=\"elementor-element elementor-element-c017cfd elementor-widget elementor-widget-image\" data-id=\"c017cfd\" data-element_type=\"widget\" data-widget_type=\"image.default\">\n\t\t\t\t<div class=\"elementor-widget-container\">\n\t\t\t\t\t\t\t\t\t\t<figure class=\"wp-caption\">\n\t\t\t\t\t\t\t\t\t\t<img loading=\"lazy\" decoding=\"async\" width=\"1321\" height=\"288\" src=\"https:\/\/www.cantinanegrar.com\/wp-content\/uploads\/pero-infez.jpg\" class=\"attachment-large size-large wp-image-8165\" alt=\"-\" srcset=\"https:\/\/www.cantinanegrar.com\/wp-content\/uploads\/pero-infez.jpg 1321w, https:\/\/www.cantinanegrar.com\/wp-content\/uploads\/pero-infez-768x167.jpg 768w\" sizes=\"(max-width: 1321px) 100vw, 1321px\" title=\"-\">\t\t\t\t\t\t\t\t\t\t\t<figcaption class=\"widget-image-caption wp-caption-text\">Domani 29 Aprile  sono previste delle possibili infezioni: Il trattamento effettuato \u00e8 sufficiente a garantire la copertura. Ripristinare quest'ultima prima delle prossime piogge.<\/figcaption>\n\t\t\t\t\t\t\t\t\t\t<\/figure>\n\t\t\t\t\t\t\t<\/div>\n\t\t\t\t<\/div>\n\t\t\t\t<div class=\"elementor-element elementor-element-653ac2c elementor-widget-divider--separator-type-pattern elementor-widget-divider--view-line elementor-widget elementor-widget-divider\" data-id=\"653ac2c\" data-element_type=\"widget\" data-widget_type=\"divider.default\">\n\t\t\t\t<div class=\"elementor-widget-container\">\n\t\t\t\t\t<div class=\"elementor-divider\" style=\"--divider-pattern-url: url(&quot;data:image\/svg+xml,%3Csvg xmlns=&#039;http:\/\/www.w3.org\/2000\/svg&#039; preserveAspectRatio=&#039;none&#039; overflow=&#039;visible&#039; height=&#039;100%&#039; viewBox=&#039;0 0 24 24&#039; fill=&#039;black&#039; stroke=&#039;none&#039;%3E%3Cpath d=&#039;M12.7,2.3c-0.4-0.4-1.1-0.4-1.5,0l-8,9.1c-0.3,0.4-0.3,0.9,0,1.2l8,9.1c0.4,0.4,1.1,0.4,1.5,0l8-9.1c0.3-0.4,0.3-0.9,0-1.2L12.7,2.3z&#039;\/%3E%3C\/svg%3E&quot;);\">\n\t\t\t<span class=\"elementor-divider-separator\">\n\t\t\t\t\t\t<\/span>\n\t\t<\/div>\n\t\t\t\t<\/div>\n\t\t\t\t<\/div>\n\t\t\t\t<div class=\"elementor-element elementor-element-225db8f elementor-widget elementor-widget-heading\" data-id=\"225db8f\" data-element_type=\"widget\" data-widget_type=\"heading.default\">\n\t\t\t\t<div class=\"elementor-widget-container\">\n\t\t\t<h2 class=\"elementor-heading-title elementor-size-default\">- Oidio della Vite<br>(<i>Uncinula necator<\/i>)<\/h2>\t\t<\/div>\n\t\t\t\t<\/div>\n\t\t\t\t<div class=\"elementor-element elementor-element-78020c6 elementor-widget elementor-widget-text-editor\" data-id=\"78020c6\" data-element_type=\"widget\" data-widget_type=\"text-editor.default\">\n\t\t\t\t<div class=\"elementor-widget-container\">\n\t\t\t\t\t\t\t<p><span style=\"font-size: 18pt; line-height: 115%; font-family: 'Gill Sans MT', sans-serif;\"><span style=\"font-size: 18pt; line-height: 115%;\">Periodo favorevole allo sviluppo di questo fungo, per cui\u00a0si raccomanda di mantenere la copertura\u00a0con un prodotto a base di Zolfo bagnabile o liquido alla dose media di etichetta. Nelle zone con\u00a0maggior rischio infettivo, impiegare un formulato\u00a0a base di Meptyl Dinocap a dose di etichetta, tenendo presente le limitazioni sul numero di interventi e che per questo prodotto \u00e8 previsto l&#8217;ultimo anno di impiego (scadenza autorizzazione il\u00a030\/09\/2026). Nel\u00a0caso venga impiegato, prestare particolare attenzione\u00a0alle fasce di rispetto indicate in etichetta, che\u00a0prevedono una distanza di almeno 12 metri di cui almeno 10 metri di fascia vegetata + l&#8217;impiego di ugelli in grado di ridurre la deriva del 50%\u00a0+ trattamento dell\u2019ultimo filare dall\u2019esterno verso l\u2019interno del vigneto. L&#8217;etichetta \u00e8 quindi impegnativa, e prevede l&#8217;integrale\u00a0rispetto di tutti questi parametri.<\/span><\/span><\/p>\t\t\t\t\t\t<\/div>\n\t\t\t\t<\/div>\n\t\t\t\t<div class=\"elementor-element elementor-element-fd636e1 elementor-widget elementor-widget-image\" data-id=\"fd636e1\" data-element_type=\"widget\" data-widget_type=\"image.default\">\n\t\t\t\t<div class=\"elementor-widget-container\">\n\t\t\t\t\t\t\t\t\t\t<figure class=\"wp-caption\">\n\t\t\t\t\t\t\t\t\t\t<img loading=\"lazy\" decoding=\"async\" width=\"1311\" height=\"295\" src=\"https:\/\/www.cantinanegrar.com\/wp-content\/uploads\/infex-oidio.jpg\" class=\"attachment-large size-large wp-image-8167\" alt=\"-\" srcset=\"https:\/\/www.cantinanegrar.com\/wp-content\/uploads\/infex-oidio.jpg 1311w, https:\/\/www.cantinanegrar.com\/wp-content\/uploads\/infex-oidio-768x173.jpg 768w\" sizes=\"(max-width: 1311px) 100vw, 1311px\" title=\"-\">\t\t\t\t\t\t\t\t\t\t\t<figcaption class=\"widget-image-caption wp-caption-text\">(Attenzione alle piogge di domani, Mercoledi 29 e Giovedi 30 possibili eventi infettanti, soprattutto in alta collina)<\/figcaption>\n\t\t\t\t\t\t\t\t\t\t<\/figure>\n\t\t\t\t\t\t\t<\/div>\n\t\t\t\t<\/div>\n\t\t\t\t<div class=\"elementor-element elementor-element-8867125 elementor-widget-divider--separator-type-pattern elementor-widget-divider--view-line elementor-widget elementor-widget-divider\" data-id=\"8867125\" data-element_type=\"widget\" data-widget_type=\"divider.default\">\n\t\t\t\t<div class=\"elementor-widget-container\">\n\t\t\t\t\t<div class=\"elementor-divider\" style=\"--divider-pattern-url: url(&quot;data:image\/svg+xml,%3Csvg xmlns=&#039;http:\/\/www.w3.org\/2000\/svg&#039; preserveAspectRatio=&#039;none&#039; overflow=&#039;visible&#039; height=&#039;100%&#039; viewBox=&#039;0 0 24 24&#039; fill=&#039;black&#039; stroke=&#039;none&#039;%3E%3Cpath d=&#039;M12.7,2.3c-0.4-0.4-1.1-0.4-1.5,0l-8,9.1c-0.3,0.4-0.3,0.9,0,1.2l8,9.1c0.4,0.4,1.1,0.4,1.5,0l8-9.1c0.3-0.4,0.3-0.9,0-1.2L12.7,2.3z&#039;\/%3E%3C\/svg%3E&quot;);\">\n\t\t\t<span class=\"elementor-divider-separator\">\n\t\t\t\t\t\t<\/span>\n\t\t<\/div>\n\t\t\t\t<\/div>\n\t\t\t\t<\/div>\n\t\t\t\t<div class=\"elementor-element elementor-element-4f81f93 elementor-widget-divider--separator-type-pattern elementor-widget-divider--view-line elementor-widget elementor-widget-divider\" data-id=\"4f81f93\" data-element_type=\"widget\" data-widget_type=\"divider.default\">\n\t\t\t\t<div class=\"elementor-widget-container\">\n\t\t\t\t\t<div class=\"elementor-divider\" style=\"--divider-pattern-url: url(&quot;data:image\/svg+xml,%3Csvg xmlns=&#039;http:\/\/www.w3.org\/2000\/svg&#039; preserveAspectRatio=&#039;none&#039; overflow=&#039;visible&#039; height=&#039;100%&#039; viewBox=&#039;0 0 24 24&#039; fill=&#039;black&#039; stroke=&#039;none&#039;%3E%3Cpath d=&#039;M12.7,2.3c-0.4-0.4-1.1-0.4-1.5,0l-8,9.1c-0.3,0.4-0.3,0.9,0,1.2l8,9.1c0.4,0.4,1.1,0.4,1.5,0l8-9.1c0.3-0.4,0.3-0.9,0-1.2L12.7,2.3z&#039;\/%3E%3C\/svg%3E&quot;);\">\n\t\t\t<span class=\"elementor-divider-separator\">\n\t\t\t\t\t\t<\/span>\n\t\t<\/div>\n\t\t\t\t<\/div>\n\t\t\t\t<\/div>\n\t\t\t\t<div class=\"elementor-element elementor-element-a62729c elementor-widget elementor-widget-heading\" data-id=\"a62729c\" data-element_type=\"widget\" data-widget_type=\"heading.default\">\n\t\t\t\t<div class=\"elementor-widget-container\">\n\t\t\t<h2 class=\"elementor-heading-title elementor-size-default\">Difesa Fitosanitaria: Fitofagi<\/h2>\t\t<\/div>\n\t\t\t\t<\/div>\n\t\t\t\t<div class=\"elementor-element elementor-element-da7a122 elementor-widget elementor-widget-heading\" data-id=\"da7a122\" data-element_type=\"widget\" data-widget_type=\"heading.default\">\n\t\t\t\t<div class=\"elementor-widget-container\">\n\t\t\t<h2 class=\"elementor-heading-title elementor-size-default\">-Cicalina Nord Americana<br>(<i>Erasmoneura vulnerata<\/i>)<\/h2>\t\t<\/div>\n\t\t\t\t<\/div>\n\t\t\t\t<div class=\"elementor-element elementor-element-171c2f1 elementor-widget elementor-widget-text-editor\" data-id=\"171c2f1\" data-element_type=\"widget\" data-widget_type=\"text-editor.default\">\n\t\t\t\t<div class=\"elementor-widget-container\">\n\t\t\t\t\t\t\t<p><span style=\"font-size: 18.0pt; line-height: 115%; font-family: 'Gill Sans MT',sans-serif; mso-fareast-font-family: 'Times New Roman'; mso-fareast-theme-font: minor-fareast; mso-bidi-font-family: 'Times New Roman'; mso-bidi-theme-font: minor-bidi; color: black; mso-themecolor: text1; mso-ansi-language: IT; mso-fareast-language: IT; mso-bidi-language: AR-SA;\">In calo la presenza degli insetti adulti svernanti, sostituiti i breve dalle giovani neanidi. La presenza di questo insetto si verifica facilmente\u00a0con lo sbiancamento delle foglie. Per il contenimento della sua diffusione\u00a0pu\u00f2 essere di aiuto l&#8217;impiego di trappole cromotropiche (gialle) da posizionare lungo i filare per la cattura massale. Successivamente, durante la stagione estiva, i trattamenti obbligatori previsti contro la Cicalina Scaphoideus titanus (responsabile della diffusione della flavescenza dorata) saranno efficaci anche contro questo parassita. Sono da evitare interventi non giustificati.<br \/><\/span><\/p>\t\t\t\t\t\t<\/div>\n\t\t\t\t<\/div>\n\t\t\t\t<div class=\"elementor-element elementor-element-6fcb961 elementor-widget elementor-widget-image\" data-id=\"6fcb961\" data-element_type=\"widget\" data-widget_type=\"image.default\">\n\t\t\t\t<div class=\"elementor-widget-container\">\n\t\t\t\t\t\t\t\t\t\t<figure class=\"wp-caption\">\n\t\t\t\t\t\t\t\t\t\t\t<a href=\"https:\/\/alpineentomology.pensoft.net\/article\/53967\/\" target=\"_blank\" rel=\"noopener\">\n\t\t\t\t\t\t\t<img loading=\"lazy\" decoding=\"async\" width=\"1200\" height=\"800\" src=\"https:\/\/www.cantinanegrar.com\/wp-content\/uploads\/trappola-cromotropica-gialla.jpg\" class=\"attachment-large size-large wp-image-7299\" alt=\"-\" srcset=\"https:\/\/www.cantinanegrar.com\/wp-content\/uploads\/trappola-cromotropica-gialla.jpg 1200w, https:\/\/www.cantinanegrar.com\/wp-content\/uploads\/trappola-cromotropica-gialla-768x512.jpg 768w\" sizes=\"(max-width: 1200px) 100vw, 1200px\" title=\"-\">\t\t\t\t\t\t\t\t<\/a>\n\t\t\t\t\t\t\t\t\t\t\t<figcaption class=\"widget-image-caption wp-caption-text\">(Trappola cromotropica gialla per cattura massale)<\/figcaption>\n\t\t\t\t\t\t\t\t\t\t<\/figure>\n\t\t\t\t\t\t\t<\/div>\n\t\t\t\t<\/div>\n\t\t\t\t<div class=\"elementor-element elementor-element-c08bdb9 elementor-widget-divider--separator-type-pattern elementor-widget-divider--view-line elementor-widget elementor-widget-divider\" data-id=\"c08bdb9\" data-element_type=\"widget\" data-widget_type=\"divider.default\">\n\t\t\t\t<div class=\"elementor-widget-container\">\n\t\t\t\t\t<div class=\"elementor-divider\" style=\"--divider-pattern-url: url(&quot;data:image\/svg+xml,%3Csvg xmlns=&#039;http:\/\/www.w3.org\/2000\/svg&#039; preserveAspectRatio=&#039;none&#039; overflow=&#039;visible&#039; height=&#039;100%&#039; viewBox=&#039;0 0 24 24&#039; fill=&#039;black&#039; stroke=&#039;none&#039;%3E%3Cpath d=&#039;M12.7,2.3c-0.4-0.4-1.1-0.4-1.5,0l-8,9.1c-0.3,0.4-0.3,0.9,0,1.2l8,9.1c0.4,0.4,1.1,0.4,1.5,0l8-9.1c0.3-0.4,0.3-0.9,0-1.2L12.7,2.3z&#039;\/%3E%3C\/svg%3E&quot;);\">\n\t\t\t<span class=\"elementor-divider-separator\">\n\t\t\t\t\t\t<\/span>\n\t\t<\/div>\n\t\t\t\t<\/div>\n\t\t\t\t<\/div>\n\t\t\t\t<div class=\"elementor-element elementor-element-84e83b9 elementor-widget elementor-widget-heading\" data-id=\"84e83b9\" data-element_type=\"widget\" data-widget_type=\"heading.default\">\n\t\t\t\t<div class=\"elementor-widget-container\">\n\t\t\t<h2 class=\"elementor-heading-title elementor-size-default\">-Controllo delle infestanti del sottofila<\/h2>\t\t<\/div>\n\t\t\t\t<\/div>\n\t\t\t\t<div class=\"elementor-element elementor-element-312f3a8 elementor-widget elementor-widget-text-editor\" data-id=\"312f3a8\" data-element_type=\"widget\" data-widget_type=\"text-editor.default\">\n\t\t\t\t<div class=\"elementor-widget-container\">\n\t\t\t\t\t\t\t<p><span style=\"font-size: 18.0pt; line-height: 115%; font-family: 'Gill Sans MT',sans-serif; mso-fareast-font-family: 'Times New Roman'; mso-fareast-theme-font: minor-fareast; mso-bidi-font-family: 'Times New Roman'; mso-bidi-theme-font: minor-bidi; color: black; mso-themecolor: text1; mso-ansi-language: IT; mso-fareast-language: IT; mso-bidi-language: AR-SA;\"><span style=\"font-size: 18pt; line-height: 115%;\">Privilegiare il controllo meccanico con macchine a dischi o lame interceppo, soprattutto sui vigneti giovani, per stimolare lo sviluppo radicale in profondit\u00e0 ed avere\u00a0una migliore gestione della regimazione idrica. Sui vigneti adulti si pu\u00f2 mantenere l&#8217;inerbimento, da privilegiare rispetto all&#8217;impiego dei diserbanti in quanto preserva la conservazione della sostanza organica utile per la salute del suolo e delle radici, oltre che per il mantenimento della buona\u00a0struttura del terreno.<br \/>Nel caso di impiego degli erbicidi, prestare attenzione perch\u00e8 si\u00a0possono applicare solo lungo il filare, e al massimo sul 30% della superficie vitata.\u00a0<\/span><\/span><\/p>\t\t\t\t\t\t<\/div>\n\t\t\t\t<\/div>\n\t\t\t\t<div class=\"elementor-element elementor-element-ee75ac8 elementor-widget-divider--separator-type-pattern elementor-widget-divider--view-line elementor-widget elementor-widget-divider\" data-id=\"ee75ac8\" data-element_type=\"widget\" data-widget_type=\"divider.default\">\n\t\t\t\t<div class=\"elementor-widget-container\">\n\t\t\t\t\t<div class=\"elementor-divider\" style=\"--divider-pattern-url: url(&quot;data:image\/svg+xml,%3Csvg xmlns=&#039;http:\/\/www.w3.org\/2000\/svg&#039; preserveAspectRatio=&#039;none&#039; overflow=&#039;visible&#039; height=&#039;100%&#039; viewBox=&#039;0 0 24 24&#039; fill=&#039;black&#039; stroke=&#039;none&#039;%3E%3Cpath d=&#039;M12.7,2.3c-0.4-0.4-1.1-0.4-1.5,0l-8,9.1c-0.3,0.4-0.3,0.9,0,1.2l8,9.1c0.4,0.4,1.1,0.4,1.5,0l8-9.1c0.3-0.4,0.3-0.9,0-1.2L12.7,2.3z&#039;\/%3E%3C\/svg%3E&quot;);\">\n\t\t\t<span class=\"elementor-divider-separator\">\n\t\t\t\t\t\t<\/span>\n\t\t<\/div>\n\t\t\t\t<\/div>\n\t\t\t\t<\/div>\n\t\t\t\t<div class=\"elementor-element elementor-element-354c1c5 elementor-widget elementor-widget-heading\" data-id=\"354c1c5\" data-element_type=\"widget\" data-widget_type=\"heading.default\">\n\t\t\t\t<div class=\"elementor-widget-container\">\n\t\t\t<h2 class=\"elementor-heading-title elementor-size-default\">-Controllo della vegetazione sulle interfile<\/h2>\t\t<\/div>\n\t\t\t\t<\/div>\n\t\t\t\t<div class=\"elementor-element elementor-element-62e9fb8 elementor-widget elementor-widget-text-editor\" data-id=\"62e9fb8\" data-element_type=\"widget\" data-widget_type=\"text-editor.default\">\n\t\t\t\t<div class=\"elementor-widget-container\">\n\t\t\t\t\t\t\t<p><span style=\"font-size: 18.0pt; line-height: 115%; font-family: 'Gill Sans MT',sans-serif; mso-fareast-font-family: 'Times New Roman'; mso-fareast-theme-font: minor-fareast; mso-bidi-font-family: 'Times New Roman'; mso-bidi-theme-font: minor-bidi; color: black; mso-themecolor: text1; mso-ansi-language: IT; mso-fareast-language: IT; mso-bidi-language: AR-SA;\"><span style=\"font-size: 18pt; line-height: 115%;\">E&#8217; raccomandato lo sfalcio a file alterne, sia per il\u00a0risparmio energetico\u00a0\u00a0sia per mantenere un buon livello di biodiversit\u00e0 della vegetazione sottovigneto e favorire la presenza degli insetti utili (predatori e parassitoidi). E&#8217; una buona pratica prevista dalla difesa integrata.<\/span><\/span><\/p>\t\t\t\t\t\t<\/div>\n\t\t\t\t<\/div>\n\t\t\t\t<div class=\"elementor-element elementor-element-c5e79bb elementor-widget-divider--separator-type-pattern elementor-widget-divider--view-line elementor-widget elementor-widget-divider\" data-id=\"c5e79bb\" data-element_type=\"widget\" data-widget_type=\"divider.default\">\n\t\t\t\t<div class=\"elementor-widget-container\">\n\t\t\t\t\t<div class=\"elementor-divider\" style=\"--divider-pattern-url: url(&quot;data:image\/svg+xml,%3Csvg xmlns=&#039;http:\/\/www.w3.org\/2000\/svg&#039; preserveAspectRatio=&#039;none&#039; overflow=&#039;visible&#039; height=&#039;100%&#039; viewBox=&#039;0 0 24 24&#039; fill=&#039;black&#039; stroke=&#039;none&#039;%3E%3Cpath d=&#039;M12.7,2.3c-0.4-0.4-1.1-0.4-1.5,0l-8,9.1c-0.3,0.4-0.3,0.9,0,1.2l8,9.1c0.4,0.4,1.1,0.4,1.5,0l8-9.1c0.3-0.4,0.3-0.9,0-1.2L12.7,2.3z&#039;\/%3E%3C\/svg%3E&quot;);\">\n\t\t\t<span class=\"elementor-divider-separator\">\n\t\t\t\t\t\t<\/span>\n\t\t<\/div>\n\t\t\t\t<\/div>\n\t\t\t\t<\/div>\n\t\t\t\t<div class=\"elementor-element elementor-element-1266641 elementor-widget elementor-widget-heading\" data-id=\"1266641\" data-element_type=\"widget\" data-widget_type=\"heading.default\">\n\t\t\t\t<div class=\"elementor-widget-container\">\n\t\t\t<h2 class=\"elementor-heading-title elementor-size-default\">-Concimazione barbatelle<\/h2>\t\t<\/div>\n\t\t\t\t<\/div>\n\t\t\t\t<div class=\"elementor-element elementor-element-2ffb8ae elementor-widget elementor-widget-text-editor\" data-id=\"2ffb8ae\" data-element_type=\"widget\" data-widget_type=\"text-editor.default\">\n\t\t\t\t<div class=\"elementor-widget-container\">\n\t\t\t\t\t\t\t<p><span style=\"font-size: 18.0pt; line-height: 115%; font-family: 'Gill Sans MT',sans-serif; mso-fareast-font-family: 'Times New Roman'; mso-fareast-theme-font: minor-fareast; mso-bidi-font-family: 'Times New Roman'; mso-bidi-theme-font: minor-bidi; color: black; mso-themecolor: text1; mso-ansi-language: IT; mso-fareast-language: IT; mso-bidi-language: AR-SA;\">E&#8217; importante favorire la buona partenza delle barbatelle con apporti idrici soprattutto nelle prime settimane di messa a dimora e con la distribuzione di fertilizzanti, soprattutto dotati di micorrizze, interrati con l&#8217;impianto.<br \/><\/span><\/p>\t\t\t\t\t\t<\/div>\n\t\t\t\t<\/div>\n\t\t\t\t<div class=\"elementor-element elementor-element-be870cb elementor-widget elementor-widget-heading\" data-id=\"be870cb\" data-element_type=\"widget\" data-widget_type=\"heading.default\">\n\t\t\t\t<div class=\"elementor-widget-container\">\n\t\t\t<h2 class=\"elementor-heading-title elementor-size-default\">-Operazioni colturali: gestione del verde<\/h2>\t\t<\/div>\n\t\t\t\t<\/div>\n\t\t\t\t<div class=\"elementor-element elementor-element-1e03e40 elementor-widget elementor-widget-text-editor\" data-id=\"1e03e40\" data-element_type=\"widget\" data-widget_type=\"text-editor.default\">\n\t\t\t\t<div class=\"elementor-widget-container\">\n\t\t\t\t\t\t\t<p><span style=\"font-size: 18.0pt; line-height: 115%; font-family: 'Gill Sans MT',sans-serif; mso-fareast-font-family: 'Times New Roman'; mso-fareast-theme-font: minor-fareast; mso-bidi-font-family: 'Times New Roman'; mso-bidi-theme-font: minor-bidi; color: black; mso-themecolor: text1; mso-ansi-language: IT; mso-fareast-language: IT; mso-bidi-language: AR-SA;\">Proseguire la pratica della scacchiatura ed eliminazione dei germogli doppi, fintano la vegetazione \u00e8 contenuta nello sviluppo, per regolare\u00a0la produzione e favorire una rapida cicatrizzazione delle ferite.\u00a0<span style=\"font-size: 18pt;\">Questi interventi, se tempestivi,\u00a0favoriscono la\u00a0rapida cicatrizzazione delle ferite<\/span><br \/><\/span><\/p>\t\t\t\t\t\t<\/div>\n\t\t\t\t<\/div>\n\t\t\t\t<div class=\"elementor-element elementor-element-11e51ed elementor-widget-divider--separator-type-pattern elementor-widget-divider--view-line elementor-widget elementor-widget-divider\" data-id=\"11e51ed\" data-element_type=\"widget\" data-widget_type=\"divider.default\">\n\t\t\t\t<div class=\"elementor-widget-container\">\n\t\t\t\t\t<div class=\"elementor-divider\" style=\"--divider-pattern-url: url(&quot;data:image\/svg+xml,%3Csvg xmlns=&#039;http:\/\/www.w3.org\/2000\/svg&#039; preserveAspectRatio=&#039;none&#039; overflow=&#039;visible&#039; height=&#039;100%&#039; viewBox=&#039;0 0 24 24&#039; fill=&#039;black&#039; stroke=&#039;none&#039;%3E%3Cpath d=&#039;M12.7,2.3c-0.4-0.4-1.1-0.4-1.5,0l-8,9.1c-0.3,0.4-0.3,0.9,0,1.2l8,9.1c0.4,0.4,1.1,0.4,1.5,0l8-9.1c0.3-0.4,0.3-0.9,0-1.2L12.7,2.3z&#039;\/%3E%3C\/svg%3E&quot;);\">\n\t\t\t<span class=\"elementor-divider-separator\">\n\t\t\t\t\t\t<\/span>\n\t\t<\/div>\n\t\t\t\t<\/div>\n\t\t\t\t<\/div>\n\t\t\t\t<div class=\"elementor-element elementor-element-0826e5c elementor-widget elementor-widget-heading\" data-id=\"0826e5c\" data-element_type=\"widget\" data-widget_type=\"heading.default\">\n\t\t\t\t<div class=\"elementor-widget-container\">\n\t\t\t<h2 class=\"elementor-heading-title elementor-size-default\">-Altre Comunicazioni<\/h2>\t\t<\/div>\n\t\t\t\t<\/div>\n\t\t\t\t<div class=\"elementor-element elementor-element-e2ff3c5 elementor-widget elementor-widget-text-editor\" data-id=\"e2ff3c5\" data-element_type=\"widget\" data-widget_type=\"text-editor.default\">\n\t\t\t\t<div class=\"elementor-widget-container\">\n\t\t\t\t\t\t\t<p class=\"MsoNormal\"><u><span style=\"font-size: 18.0pt; line-height: 115%; font-family: 'Gill Sans MT',sans-serif; color: black; mso-themecolor: text1;\">E&#8217;\u00a0<b>RACCOMANDATA l&#8217;adesione\u00a0alla certificazione SQNPI<\/b>, soprattutto per i conduttori di\u00a0vigneti certificati\u00a0\u00a0Valpolicella, in quanto possono usufruire di\u00a0una premialit\u00e0 di 5 quintali\/ettaro delle\u00a0uve destinate all&#8217;appassimento,\u00a0 contribuendo cos\u00ec al consolidamento del reddito proprio e alle necessit\u00e0 della Cantina. L&#8217;ufficio tecnico \u00e8 a disposizione per ogni chiarimento, compilazione domanda, raccolta documentazione e assistenza.<\/span><\/u><\/p><p class=\"MsoNormal\"><span style=\"font-size: 18.0pt; line-height: 115%; font-family: 'Gill Sans MT',sans-serif; mso-fareast-font-family: 'Times New Roman'; mso-fareast-theme-font: minor-fareast; mso-bidi-font-family: 'Times New Roman'; mso-bidi-theme-font: minor-bidi; color: black; mso-themecolor: text1; mso-ansi-language: IT; mso-fareast-language: IT; mso-bidi-language: AR-SA;\">Si ricorda sempre\u00a0l&#8217;obbligo di<b> avvisare gli abitanti che confinano con i vigneti, almeno\u00a024 ore prima del trattamento<\/b>.<br \/><br \/>Si segnala infine che sono in corso <b>ispezioni nelle aziende agricole\u00a0da parte delle autorit\u00e0\u00a0preposte<\/b>, con la verifica del rispetto dei prodotti impiegati e presenti in magazzino.<br \/><br \/>I <b>quaderni di campagna in formato cartaceo<\/b> sono in consegna presso la Cantina, <b>appena disponibili vi avvisiamo<\/b> con un messaggio per il ritiro. Si consiglia comunque vivamente di iniziare ad utilizzare il formato elettronico reso disponibile gratuitamente, in modalit\u00e0 riservata e con l&#8217;assistenza necessaria, da parte della Cantina.<br \/><br \/><\/span><\/p>\t\t\t\t\t\t<\/div>\n\t\t\t\t<\/div>\n\t\t\t\t<div class=\"elementor-element elementor-element-f299440 elementor-widget elementor-widget-text-editor\" data-id=\"f299440\" data-element_type=\"widget\" data-widget_type=\"text-editor.default\">\n\t\t\t\t<div class=\"elementor-widget-container\">\n\t\t\t\t\t\t\t<p><span style=\"font-family: 'Gill Sans MT', sans-serif; font-size: 18pt; text-align: var(--text-align);\">Lo Staff Tecnico<\/span><\/p><p><span style=\"text-align: var(--text-align); font-family: 'Gill Sans MT', sans-serif; font-size: 18pt;\">Claudio Oliboni \u2013\u00a0<\/span><span style=\"text-align: var(--text-align); font-family: 'Gill Sans MT', sans-serif; font-size: 18pt;\">Andrea Barbieri<\/span><\/p>\t\t\t\t\t\t<\/div>\n\t\t\t\t<\/div>\n\t\t\t\t<div class=\"elementor-element elementor-element-b61e449 elementor-widget elementor-widget-image\" data-id=\"b61e449\" data-element_type=\"widget\" data-widget_type=\"image.default\">\n\t\t\t\t<div class=\"elementor-widget-container\">\n\t\t\t\t\t\t\t\t\t\t\t\t\t<img loading=\"lazy\" decoding=\"async\" width=\"200\" height=\"112\" src=\"https:\/\/www.cantinanegrar.com\/wp-content\/uploads\/Pie-di-pagina-CVN.jpg\" class=\"attachment-large size-large wp-image-6000\" alt=\"-\" title=\"-\">\t\t\t\t\t\t\t\t\t\t\t\t\t<\/div>\n\t\t\t\t<\/div>\n\t\t\t\t<\/div>\n\t\t<div class=\"elementor-element elementor-element-4c4c1e0 e-flex e-con-boxed e-con e-parent\" data-id=\"4c4c1e0\" data-element_type=\"container\">\n\t\t\t\t\t<div class=\"e-con-inner\">\n\t\t\t\t<div class=\"elementor-element elementor-element-b297eb7 elementor-widget-divider--view-line elementor-widget elementor-widget-divider\" data-id=\"b297eb7\" data-element_type=\"widget\" data-widget_type=\"divider.default\">\n\t\t\t\t<div class=\"elementor-widget-container\">\n\t\t\t\t\t<div class=\"elementor-divider\">\n\t\t\t<span class=\"elementor-divider-separator\">\n\t\t\t\t\t\t<\/span>\n\t\t<\/div>\n\t\t\t\t<\/div>\n\t\t\t\t<\/div>\n\t\t\t\t\t<\/div>\n\t\t\t\t<\/div>\n\t\t\t\t<\/div>\n\t\t","protected":false},"excerpt":{"rendered":"<p>Andamento Meteo Inizio settimana all&#8217;insegna di tempo\u00a0stabile, con possibilit\u00e0 di precipitazioni locali di modesta entit\u00e0 previste\u00a0tra le giornate di mercoled\u00ec e gioved\u00ec; seguir\u00e0 un fine settimana con cielo sereno. (Legenda: Giornata, Piovosit\u00e0 (mm), Umidit\u00e0 min\/max, Temperatura min\/max) Fase Fenologica Si conferma il forte sviluppo vegetativo e anticipo delle fasi fenologiche;\u00a0nelle aree pi\u00f9 precoci \u00e8 stata [&hellip;]<\/p>\n","protected":false},"author":9,"featured_media":8156,"comment_status":"closed","ping_status":"closed","sticky":false,"template":"","format":"standard","meta":{"_acf_changed":false,"footnotes":""},"categories":[25],"tags":[],"class_list":["post-8155","post","type-post","status-publish","format-standard","has-post-thumbnail","hentry","category-bollettini-agro-meteorologici"],"acf":[],"_links":{"self":[{"href":"https:\/\/www.cantinanegrar.com\/it\/wp-json\/wp\/v2\/posts\/8155","targetHints":{"allow":["GET"]}}],"collection":[{"href":"https:\/\/www.cantinanegrar.com\/it\/wp-json\/wp\/v2\/posts"}],"about":[{"href":"https:\/\/www.cantinanegrar.com\/it\/wp-json\/wp\/v2\/types\/post"}],"author":[{"embeddable":true,"href":"https:\/\/www.cantinanegrar.com\/it\/wp-json\/wp\/v2\/users\/9"}],"replies":[{"embeddable":true,"href":"https:\/\/www.cantinanegrar.com\/it\/wp-json\/wp\/v2\/comments?post=8155"}],"version-history":[{"count":7,"href":"https:\/\/www.cantinanegrar.com\/it\/wp-json\/wp\/v2\/posts\/8155\/revisions"}],"predecessor-version":[{"id":8179,"href":"https:\/\/www.cantinanegrar.com\/it\/wp-json\/wp\/v2\/posts\/8155\/revisions\/8179"}],"wp:featuredmedia":[{"embeddable":true,"href":"https:\/\/www.cantinanegrar.com\/it\/wp-json\/wp\/v2\/media\/8156"}],"wp:attachment":[{"href":"https:\/\/www.cantinanegrar.com\/it\/wp-json\/wp\/v2\/media?parent=8155"}],"wp:term":[{"taxonomy":"category","embeddable":true,"href":"https:\/\/www.cantinanegrar.com\/it\/wp-json\/wp\/v2\/categories?post=8155"},{"taxonomy":"post_tag","embeddable":true,"href":"https:\/\/www.cantinanegrar.com\/it\/wp-json\/wp\/v2\/tags?post=8155"}],"curies":[{"name":"wp","href":"https:\/\/api.w.org\/{rel}","templated":true}]}}